{"id":2339,"date":"2023-01-24T14:12:45","date_gmt":"2023-01-24T11:12:45","guid":{"rendered":"https:\/\/gbni.usm.md\/?p=2339"},"modified":"2023-05-23T14:13:28","modified_gmt":"2023-05-23T11:13:28","slug":"programul-uniunii-europene-pentru-mediu-si-politici-climatice-life","status":"publish","type":"post","link":"https:\/\/gbni.usm.md\/?p=2339","title":{"rendered":"Programul Uniunii Europene pentru mediu \u0219i politici climatice \u2013 \u201dLIFE\u201d."},"content":{"rendered":"<p style=\"text-align: justify;\">Pe data de 15 decembrie 2022, Parlamentul Republicii Moldova a ratificat Acordului de Asociere dintre Republica Moldova \u0219i Uniunea European\u0103 privind participarea \u021b\u0103rii noastre la Programul Uniunii Europene pentru mediu \u0219i politici climatice \u2013 \u201dLIFE\u201d.<br \/>\nLIFE este singurul program la nivel UE dedicat exclusiv mediului \u0219i schimb\u0103rilor climatice, iar etapa ce se va desf\u0103\u0219ura \u00een intervalul 2021 &#8211; 2027 este cea mai ambi\u021bioas\u0103 de p\u00e2n\u0103 acum. 3,5 miliarde EUR vor fi alocate pentru activit\u0103\u021bi ce \u021bin de mediu, \u00een timp ce 1,9 miliarde EUR vor merge c\u0103tre ac\u021biuni pentru combaterea schimb\u0103rilor climatice. Programul face parte din Green Deal propus de Comisia European\u0103.<br \/>\nUna dintre priorit\u0103\u021bile UE, \u00een care programul LIFE va juca un rol important, este construirea unei economii mai curate si circulare, centrat\u0103 pe reutilizarea \u0219i reciclarea produselor. LIFE va sprijini tranzi\u021bia c\u0103tre energia curat\u0103 \u0219i va contribui, al\u0103turi de alte programe, la obiectivul UE de a atinge neutralitatea emisiilor de carbon p\u00e2n\u0103 \u00een 2050. De asemenea, programul \u00ee\u0219i propune s\u0103 protejeze \u0219i s\u0103 valorifice mediul, dar \u0219i sa franeze pierderea biodiversitatii.<br \/>\nPrin participarea la Programul LIFE, Republica Moldova va putea beneficia de finan\u021barea mai multor proiecte, care se refer\u0103 la biodiversitate, economie circular\u0103, tranzi\u021bie c\u0103tre energia curat\u0103, precum \u0219i atenuarea \u0219i adaptarea la clim\u0103. Propunerile de proiecte vor putea fi depuse de entit\u0103\u021bile publice, \u00eentreprinderile private si ONG-uri.<br \/>\nMai multe detalii despre program le g\u0103si\u021bi aici:<\/p>\n<p style=\"text-align: justify;\">\u00a0<a href=\"https:\/\/cinea.ec.europa.eu\/programmes\/life_en\">https:\/\/cinea.ec.europa.eu\/programmes\/life_en<\/a><\/p>\n<p style=\"text-align: justify;\">\n","protected":false},"excerpt":{"rendered":"<p>Pe data de 15 decembrie 2022, Parlamentul Republicii Moldova a ratificat Acordului de Asociere dintre Republica Moldova \u0219i Uniunea European\u0103 privind participarea \u021b\u0103rii noastre la Programul Uniunii Europene pentru mediu \u0219i politici climatice \u2013 \u201dLIFE\u201d. LIFE este singurul program la nivel UE dedicat exclusiv mediului \u0219i schimb\u0103rilor climatice, iar etapa ce se va desf\u0103\u0219ura \u00een&hellip; <br \/> <a class=\"read-more\" href=\"https:\/\/gbni.usm.md\/?p=2339\">Cite\u0219te mai mult<\/a><\/p>\n","protected":false},"author":1,"featured_media":801,"comment_status":"closed","ping_status":"closed","sticky":false,"template":"","format":"standard","meta":{"footnotes":""},"categories":[4],"tags":[],"class_list":["post-2339","post","type-post","status-publish","format-standard","has-post-thumbnail","hentry","category-announcements"],"rttpg_featured_image_url":{"full":["https:\/\/gbni.usm.md\/wp-content\/uploads\/2023\/05\/ANUNT\u0326-1024x577-1.jpg",1024,577,false],"landscape":["https:\/\/gbni.usm.md\/wp-content\/uploads\/2023\/05\/ANUNT\u0326-1024x577-1.jpg",1024,577,false],"portraits":["https:\/\/gbni.usm.md\/wp-content\/uploads\/2023\/05\/ANUNT\u0326-1024x577-1.jpg",1024,577,false],"thumbnail":["https:\/\/gbni.usm.md\/wp-content\/uploads\/2023\/05\/ANUNT\u0326-1024x577-1-150x150.jpg",150,150,true],"medium":["https:\/\/gbni.usm.md\/wp-content\/uploads\/2023\/05\/ANUNT\u0326-1024x577-1-300x169.jpg",300,169,true],"large":["https:\/\/gbni.usm.md\/wp-content\/uploads\/2023\/05\/ANUNT\u0326-1024x577-1.jpg",1024,577,false],"1536x1536":["https:\/\/gbni.usm.md\/wp-content\/uploads\/2023\/05\/ANUNT\u0326-1024x577-1.jpg",1024,577,false],"2048x2048":["https:\/\/gbni.usm.md\/wp-content\/uploads\/2023\/05\/ANUNT\u0326-1024x577-1.jpg",1024,577,false],"post-thumbnail":["https:\/\/gbni.usm.md\/wp-content\/uploads\/2023\/05\/ANUNT\u0326-1024x577-1.jpg",1024,577,false],"mesmerize-full-hd":["https:\/\/gbni.usm.md\/wp-content\/uploads\/2023\/05\/ANUNT\u0326-1024x577-1.jpg",1024,577,false]},"rttpg_author":{"display_name":"","author_link":"https:\/\/gbni.usm.md\/?author=1"},"rttpg_comment":0,"rttpg_category":"<a href=\"https:\/\/gbni.usm.md\/?cat=4\" rel=\"category\">Anun\u021buri<\/a>","rttpg_excerpt":"Pe data de 15 decembrie 2022, Parlamentul Republicii Moldova a ratificat Acordului de Asociere dintre Republica Moldova \u0219i Uniunea European\u0103 privind participarea \u021b\u0103rii noastre la Programul Uniunii Europene pentru mediu \u0219i politici climatice \u2013 \u201dLIFE\u201d. LIFE este singurul program la nivel UE dedicat exclusiv mediului \u0219i schimb\u0103rilor climatice, iar etapa ce se va desf\u0103\u0219ura \u00een&hellip;&hellip;","_links":{"self":[{"href":"https:\/\/gbni.usm.md\/index.php?rest_route=\/wp\/v2\/posts\/2339","targetHints":{"allow":["GET"]}}],"collection":[{"href":"https:\/\/gbni.usm.md\/index.php?rest_route=\/wp\/v2\/posts"}],"about":[{"href":"https:\/\/gbni.usm.md\/index.php?rest_route=\/wp\/v2\/types\/post"}],"author":[{"embeddable":true,"href":"https:\/\/gbni.usm.md\/index.php?rest_route=\/wp\/v2\/users\/1"}],"replies":[{"embeddable":true,"href":"https:\/\/gbni.usm.md\/index.php?rest_route=%2Fwp%2Fv2%2Fcomments&post=2339"}],"version-history":[{"count":1,"href":"https:\/\/gbni.usm.md\/index.php?rest_route=\/wp\/v2\/posts\/2339\/revisions"}],"predecessor-version":[{"id":2340,"href":"https:\/\/gbni.usm.md\/index.php?rest_route=\/wp\/v2\/posts\/2339\/revisions\/2340"}],"wp:featuredmedia":[{"embeddable":true,"href":"https:\/\/gbni.usm.md\/index.php?rest_route=\/wp\/v2\/media\/801"}],"wp:attachment":[{"href":"https:\/\/gbni.usm.md\/index.php?rest_route=%2Fwp%2Fv2%2Fmedia&parent=2339"}],"wp:term":[{"taxonomy":"category","embeddable":true,"href":"https:\/\/gbni.usm.md\/index.php?rest_route=%2Fwp%2Fv2%2Fcategories&post=2339"},{"taxonomy":"post_tag","embeddable":true,"href":"https:\/\/gbni.usm.md\/index.php?rest_route=%2Fwp%2Fv2%2Ftags&post=2339"}],"curies":[{"name":"wp","href":"https:\/\/api.w.org\/{rel}","templated":true}]}}